{"id":1710,"date":"2024-09-02T23:45:37","date_gmt":"2024-09-02T23:45:37","guid":{"rendered":"https:\/\/fordklubkotlinaklodzka.pl\/?p=1710"},"modified":"2024-11-16T09:02:10","modified_gmt":"2024-11-16T08:02:10","slug":"o-nas-dla-nas-patrick-snijers-wyjatkowy-wywiad","status":"publish","type":"post","link":"https:\/\/fordklubkotlinaklodzka.pl\/index.php\/2024\/09\/02\/o-nas-dla-nas-patrick-snijers-wyjatkowy-wywiad\/","title":{"rendered":"&#8222;O nas, dla nas&#8221; &#8211; Patrick Snijers"},"content":{"rendered":"\n<p>Drodzy Klubowicze, pasjonacie marki, motorsportu, motoryzacji, szanowni go\u015bcie. Pomys\u0142, kt\u00f3ry zrodzi\u0142 si\u0119 w mojej g\u0142owie ponad dwa lata temu zosta\u0142 w ko\u0144cu zrealizowany. I to z jakim rozmachem!<\/p>\n\n\n\n<p>Ogromnie mi mi\u0142o Was wszystkich zaprosi\u0107 na pierwszy odcinek serii klubowych film\u00f3w pt.: &#8222;O nas, dla nas&#8221;. Dzi\u0119ki nim mamy mo\u017cliwo\u015b\u0107 dowiedzie\u0107 si\u0119 wi\u0119cej o nas samych, naszych projektach, bli\u017cej si\u0119 pozna\u0107. Dzi\u0119ki nim mamy r\u00f3wnie\u017c mo\u017cliwo\u015b\u0107 pozna\u0107 bli\u017cej i zaprosi\u0107 do naszego klubu osoby znane, cz\u0119sto b\u0119d\u0105ce w naszych oczach autorytetami, wzorcami, motywacj\u0105 do dzia\u0142ania.<\/p>\n\n\n\n<p>Z ogromn\u0105 ekscytacj\u0105 informuj\u0119, \u017ce bohaterem pierwszego odcinka jest sam p. Patrick Snijers, kt\u00f3ry zar\u00f3wno w motor sporcie, jak i \u015bwiecie Forda, jest znany na skal\u0119 \u015bwiatow\u0105. To gwiazda najwy\u017cszego formatu. <\/p>\n\n\n\n<br>\n\n\n\n<figure class=\"wp-block-gallery has-nested-images columns-default is-cropped wp-block-gallery-1 is-layout-flex wp-block-gallery-is-layout-flex\">\n<figure class=\"wp-block-image size-large\"><img loading=\"lazy\" decoding=\"async\" width=\"600\" height=\"452\" data-id=\"1717\" src=\"https:\/\/fordklubkotlinaklodzka.pl\/wp-content\/uploads\/2024\/09\/Autograf-Patrick-Snijers-600x452.jpeg\" alt=\"\" class=\"wp-image-1717\" srcset=\"https:\/\/fordklubkotlinaklodzka.pl\/wp-content\/uploads\/2024\/09\/Autograf-Patrick-Snijers-600x452.jpeg 600w, https:\/\/fordklubkotlinaklodzka.pl\/wp-content\/uploads\/2024\/09\/Autograf-Patrick-Snijers-300x226.jpeg 300w, https:\/\/fordklubkotlinaklodzka.pl\/wp-content\/uploads\/2024\/09\/Autograf-Patrick-Snijers-768x578.jpeg 768w, https:\/\/fordklubkotlinaklodzka.pl\/wp-content\/uploads\/2024\/09\/Autograf-Patrick-Snijers-1140x858.jpeg 1140w, https:\/\/fordklubkotlinaklodzka.pl\/wp-content\/uploads\/2024\/09\/Autograf-Patrick-Snijers.jpeg 1218w\" sizes=\"auto, (max-width: 600px) 100vw, 600px\" \/><\/figure>\n<\/figure>\n\n\n\n<br><br>\n\n\n\n<p>P. Patrick znalaz\u0142 dla mnie, dla nas, chwil\u0119 czasu na <a href=\"https:\/\/fordklubkotlinaklodzka.pl\/index.php\/2024\/07\/25\/1-dolnoslaski-rajd-legend-2024\/\" data-type=\"link\" data-id=\"https:\/\/fordklubkotlinaklodzka.pl\/index.php\/2024\/07\/25\/1-dolnoslaski-rajd-legend-2024\/\" target=\"_blank\" rel=\"noreferrer noopener\">1. Dolno\u015bl\u0105skim Rajdzie Legend<\/a> organizowanym w Polanicy Zdroju. <\/p>\n\n\n\n<p>Musz\u0119 podkre\u015bli\u0107 fakt, \u017ce bohaterem pierwszego odcinka &#8222;O nas, dla nas&#8221;, pierwszym go\u015bciem naszego programu, jak r\u00f3wnie\u017c pierwsz\u0105 osob\u0105 w moim \u017cyciu, z kt\u00f3r\u0105 przeprowadzi\u0142em wywiad, by\u0142 p. <a href=\"https:\/\/fordklubkotlinaklodzka.pl\/index.php\/2024\/09\/19\/o-nas-dla-nas-marek-suder-wyjatkowy-wywiad\/\" data-type=\"link\" data-id=\"https:\/\/fordklubkotlinaklodzka.pl\/index.php\/2024\/09\/19\/o-nas-dla-nas-marek-suder-wyjatkowy-wywiad\/\" target=\"_blank\" rel=\"noreferrer noopener\">Marek Suder<\/a>, jednak z uwagi na brak mojego jakiegokolwiek do\u015bwiadczenia w tej dziedzinie, pojawi\u0142 si\u0119 problem z d\u017awi\u0119kiem, kt\u00f3ry po wielu roboczogodzinach finalnie uda\u0142o mi si\u0119 uratowa\u0107 i przywr\u00f3ci\u0107 do stanu zadowalaj\u0105cego.<\/p>\n\n\n\n<p>Podzi\u0119kowa\u0142em p. Patrickowi tak\u017ce za zapocz\u0105tkowanie we mnie pasji trwaj\u0105cej do dzi\u015b. To w\u0142a\u015bnie m.in w jego aucie si\u0119 zakocha\u0142em maj\u0105c 4 latka, kt\u00f3re to mia\u0142em okazj\u0119 zobaczy\u0107 na <a href=\"https:\/\/fordklubkotlinaklodzka.pl\/index.php\/2023\/06\/20\/50-rajd-polski-prywatna-relacja-dzien-i\/\" data-type=\"link\" data-id=\"https:\/\/fordklubkotlinaklodzka.pl\/index.php\/2023\/06\/20\/50-rajd-polski-prywatna-relacja-dzien-i\/\">50. <\/a><a href=\"https:\/\/fordklubkotlinaklodzka.pl\/index.php\/2023\/06\/20\/50-rajd-polski-prywatna-relacja-dzien-i\/\" data-type=\"link\" data-id=\"https:\/\/fordklubkotlinaklodzka.pl\/index.php\/2023\/06\/20\/50-rajd-polski-prywatna-relacja-dzien-i\/\" target=\"_blank\" rel=\"noreferrer noopener\">Rajdzie <\/a><a href=\"https:\/\/fordklubkotlinaklodzka.pl\/index.php\/2023\/06\/20\/50-rajd-polski-prywatna-relacja-dzien-i\/\" data-type=\"link\" data-id=\"https:\/\/fordklubkotlinaklodzka.pl\/index.php\/2023\/06\/20\/50-rajd-polski-prywatna-relacja-dzien-i\/\">Polski<\/a> rozgrywanym w moich okolicach w 1993 r., kt\u00f3re do dnia dzisiejszego jest znane i rozpoznawalne dzi\u0119ki charakterystycznej okleinie &#8222;BASTOS&#8221;:<\/p>\n\n\n\n<br>\n\n\n\n<figure class=\"wp-block-gallery has-nested-images columns-default is-cropped wp-block-gallery-2 is-layout-flex wp-block-gallery-is-layout-flex\">\n<figure class=\"wp-block-image size-full\"><img loading=\"lazy\" decoding=\"async\" width=\"1475\" height=\"828\" data-id=\"1154\" src=\"https:\/\/fordklubkotlinaklodzka.pl\/wp-content\/uploads\/2024\/08\/IMG_4320.jpeg\" alt=\"\" class=\"wp-image-1154\" srcset=\"https:\/\/fordklubkotlinaklodzka.pl\/wp-content\/uploads\/2024\/08\/IMG_4320.jpeg 1475w, https:\/\/fordklubkotlinaklodzka.pl\/wp-content\/uploads\/2024\/08\/IMG_4320-300x168.jpeg 300w, https:\/\/fordklubkotlinaklodzka.pl\/wp-content\/uploads\/2024\/08\/IMG_4320-600x337.jpeg 600w, https:\/\/fordklubkotlinaklodzka.pl\/wp-content\/uploads\/2024\/08\/IMG_4320-768x431.jpeg 768w\" sizes=\"auto, (max-width: 1475px) 100vw, 1475px\" \/><\/figure>\n<\/figure>\n\n\n\n<br><br>\n\n\n\n<p>Pozdrawiam serdecznie i pana oraz pana \u017con\u0119. Pami\u0119ta\u0142a o mnie, a po wywiadach dla szerokiej publiczno\u015bci, telewizji publicznych, przyprowadzi\u0142a mi pana do siebie na rozmow\u0119, na wywiad.<\/p>\n\n\n\n<br>\n\n\n\n<figure class=\"wp-block-gallery has-nested-images columns-default is-cropped wp-block-gallery-3 is-layout-flex wp-block-gallery-is-layout-flex\">\n<figure class=\"wp-block-image size-large\"><img loading=\"lazy\" decoding=\"async\" width=\"600\" height=\"582\" data-id=\"1715\" src=\"https:\/\/fordklubkotlinaklodzka.pl\/wp-content\/uploads\/2024\/09\/FKKK-p.-Snijersowie-600x582.jpeg\" alt=\"\" class=\"wp-image-1715\" srcset=\"https:\/\/fordklubkotlinaklodzka.pl\/wp-content\/uploads\/2024\/09\/FKKK-p.-Snijersowie-600x582.jpeg 600w, https:\/\/fordklubkotlinaklodzka.pl\/wp-content\/uploads\/2024\/09\/FKKK-p.-Snijersowie-300x291.jpeg 300w, https:\/\/fordklubkotlinaklodzka.pl\/wp-content\/uploads\/2024\/09\/FKKK-p.-Snijersowie-768x745.jpeg 768w, https:\/\/fordklubkotlinaklodzka.pl\/wp-content\/uploads\/2024\/09\/FKKK-p.-Snijersowie-1536x1489.jpeg 1536w, https:\/\/fordklubkotlinaklodzka.pl\/wp-content\/uploads\/2024\/09\/FKKK-p.-Snijersowie-2048x1986.jpeg 2048w, https:\/\/fordklubkotlinaklodzka.pl\/wp-content\/uploads\/2024\/09\/FKKK-p.-Snijersowie-1140x1105.jpeg 1140w\" sizes=\"auto, (max-width: 600px) 100vw, 600px\" \/><figcaption class=\"wp-element-caption\">Ryba\u0142ka Junior, Senior i p. Snijers<\/figcaption><\/figure>\n<\/figure>\n\n\n\n<br><br>\n\n\n\n<p>Poni\u017cej nieobrabiany materia\u0142, kt\u00f3ry jest w 100% oryginalny.<\/p>\n\n\n\n<p>UWAGA! Dost\u0119pne jest t\u0142umaczenie w j\u0119zyku polskim &#8211; kliknij &#8222;Napisy (c)&#8221;, obok ikonki &#8222;Ustawienia&#8221; &#8211; ko\u0142o z\u0119bate.<\/p>\n\n\n\n<br>\n\n\n\n<figure class=\"wp-block-embed is-type-video is-provider-youtube wp-block-embed-youtube wp-embed-aspect-16-9 wp-has-aspect-ratio\"><div class=\"wp-block-embed__wrapper\">\n<iframe loading=\"lazy\" title=\"@fordklubkotlinaklodzka - &quot;O nas, dla nas&quot; - Patrick Snijers - Wyj\u0105tkowy wywiad\" width=\"960\" height=\"540\" src=\"https:\/\/www.youtube.com\/embed\/E8sKCyWFeDI?feature=oembed\" frameborder=\"0\" allow=\"accelerometer; autoplay; clipboard-write; encrypted-media; gyroscope; picture-in-picture; web-share\" referrerpolicy=\"strict-origin-when-cross-origin\" allowfullscreen><\/iframe>\n<\/div><\/figure>\n\n\n\n<br><br>\n\n\n\n<p>Do zobaczenia na przysz\u0142ych edycjach <a href=\"https:\/\/fordklubkotlinaklodzka.pl\/index.php\/2024\/07\/25\/1-dolnoslaski-rajd-legend-2024\/\" data-type=\"link\" data-id=\"https:\/\/fordklubkotlinaklodzka.pl\/index.php\/2024\/07\/25\/1-dolnoslaski-rajd-legend-2024\/\" target=\"_blank\" rel=\"noreferrer noopener\">Dolno\u015bl\u0105skiego Rajdu Legend<\/a>!<\/p>\n\n\n\n<p>Zapraszam ponownie w tym miejscu pana z ca\u0142\u0105 swoj\u0105 rodzin\u0105, znajomymi, do uczestnictwa w naszym <a href=\"https:\/\/fordklubkotlinaklodzka.pl\/index.php\/category\/zlot-ford-klub-kotlina-klodzka\/\" data-type=\"link\" data-id=\"https:\/\/fordklubkotlinaklodzka.pl\/index.php\/category\/zlot-ford-klub-kotlina-klodzka\/\" target=\"_blank\" rel=\"noreferrer noopener\">corocznym zlocie<\/a> organizowanym w sierpniowy weekend. <\/p>\n\n\n\n<br><br><br><br>\n\n\n\n<p><strong>Patrick:<\/strong> Wszystko ok?<\/p>\n\n\n\n<p>\u017bona Patricka: Przyprowadzi\u0142am go tutaj.<\/p>\n\n\n\n<p><strong>Patrick:<\/strong> Przepraszam.<\/p>\n\n\n\n<p>Pawe\u0142: R\u00f3wnie\u017c przepraszam. R\u00f3wnie\u017c przepraszam.<\/p>\n\n\n\n<p><strong>Patrick:<\/strong> Nie ma problemu.<\/p>\n\n\n\n<p>Pawe\u0142: Tylko nerwy.<\/p>\n\n\n\n<p><strong>Patrick:<\/strong> Nie. Nie. Bez stresu<\/p>\n\n\n\n<p>Pawe\u0142: Panie Patrick\u2026<\/p>\n\n\n\n<p><strong>Patrick:<\/strong> Vodka\u2026 vodka\u2026 vodka\u2026<\/p>\n\n\n\n<p>Pawe\u0142: Zrozumia\u0142em.<\/p>\n\n\n\n<p>Pawe\u0142: Przede wszystkim chcia\u0142bym podzi\u0119kowa\u0107 za mo\u017cliwo\u015b\u0107 rozmowy.<\/p>\n\n\n\n<p><strong>Patrick:<\/strong> Tak, yeah\u2026yeah\u2026<\/p>\n\n\n\n<p>Pawe\u0142: Czeka\u0142em na t\u0119 rozmow\u0119 ponad 31 lat.<\/p>\n\n\n\n<p><strong>Patrick:<\/strong> Dobrze. Dobrze. Dobrze.<\/p>\n\n\n\n<p>Pawe\u0142: Kiedy zobaczy\u0142em Escorta Coswortha pana Drogmansa w 1993 roku i kiedy zobaczy\u0142em twojego Escorta, zakocha\u0142em si\u0119 w rajdach.<\/p>\n\n\n\n<p><strong>Patrick:<\/strong> Tak\u2026 tak\u2026<\/p>\n\n\n\n<p>Pawe\u0142: I w Fordzie, a mi\u0142o\u015b\u0107 trwa do dzi\u015b.<\/p>\n\n\n\n<p><strong>Patrick:<\/strong> Oh\u2026<\/p>\n\n\n\n<p>Pawe\u0142: Widzia\u0142em te samochody jako 4-letni ch\u0142opiec.<\/p>\n\n\n\n<p><strong>Patrick:<\/strong> Hmm..<\/p>\n\n\n\n<p>Pawe\u0142: Chcia\u0142bym pokaza\u0107 film z mojego prywatnego archiwum i pytanie brzmi: Czy pami\u0119tasz ten start?<\/p>\n\n\n\n<p><strong>Patrick:<\/strong> Zobaczymy\u2026<\/p>\n\n\n\n<p><strong>Patrick:<\/strong> To 91 rok? Nie.<\/p>\n\n\n\n<p>Pawe\u0142: Nie, 93.<\/p>\n\n\n\n<p><strong>Patrick:<\/strong> 93, Escort\u2026 Sierra\u2026<\/p>\n\n\n\n<p>Pawe\u0142: Rok po tym, jak pan Marian Bublewicz\u2026<\/p>\n\n\n\n<p><strong>Patrick:<\/strong> A tak, tak\u2026<\/p>\n\n\n\n<p>Pawe\u0142: Jak wspominasz rywalizacj\u0119 na polskich drogach?<\/p>\n\n\n\n<p><strong>Patrick:<\/strong> \u0141adne, naprawd\u0119 \u0142adne drogi, uwielbiam ten spektakl. Dobre.<\/p>\n\n\n\n<p>Pawe\u0142: Czy jest szansa, \u017ce \u200b\u200bb\u0119dziesz bra\u0142 udzia\u0142 w Legends co roku?<\/p>\n\n\n\n<p><strong>Patrick:<\/strong> Mam nadziej\u0119, mam nadziej\u0119.<\/p>\n\n\n\n<p>Pawe\u0142: My te\u017c mamy tak\u0105 nadziej\u0119.<\/p>\n\n\n\n<p><strong>Patrick:<\/strong> Marek Suder, b\u0119dziemy si\u0119 \u015bciga\u0107\u2026 tak.<\/p>\n\n\n\n<p>Pawe\u0142: Czy pami\u0119tasz, co wydarzy\u0142o si\u0119 po rajdzie z tym konkretnym samochodem w barwach BASTOS?<\/p>\n\n\n\n<p><strong>Patrick:<\/strong> To by\u0142o tak dawno temu, nie wiem. Mo\u017ce Ty wiesz, prawda?<\/p>\n\n\n\n<p>Pawe\u0142: Nie. Nie wiem.<\/p>\n\n\n\n<p><strong>Patrick:<\/strong> Wypili\u015bmy mn\u00f3stwo drink\u00f3w\u2026<\/p>\n\n\n\n<p>Pawe\u0142: I druga cz\u0119\u015b\u0107\u2026 11\u2026<\/p>\n\n\n\n<p>Pawe\u0142: To jest auto Droogmans&#8217;a<\/p>\n\n\n\n<p><strong>Patrick:<\/strong> O tak\u2026 to jest BOXY&#8217;s<\/p>\n\n\n\n<p>Pawe\u0142: Wiem, \u017ce jeste\u015b zaj\u0119ty. Na koniec chcia\u0142bym bardzo podzi\u0119kowa\u0107 za mo\u017cliwo\u015b\u0107 rozmowy z Tob\u0105.<\/p>\n\n\n\n<p>Pawe\u0142: Mam co\u015b dla Ciebie, prezent, od\u2026 Ford Klub Kotlina K\u0142odzka.<\/p>\n\n\n\n<p>Pawe\u0142: To wszystko\u2026 wszystko zacz\u0119\u0142o si\u0119, gdy by\u0142em 4-letnim ch\u0142opcem.<\/p>\n\n\n\n<p><strong>Patrick:<\/strong> tak\u2026 tak\u2026<\/p>\n\n\n\n<p>Pawe\u0142: Maksiu\u2026 prosz\u0119 podaj\u2026<\/p>\n\n\n\n<p><strong>Patrick:<\/strong> Aaa\u2026 Ok<\/p>\n\n\n\n<p>Pawe\u0142: Koszulka\u2026 Nie wiem\u2026 To jest rozmiar XL&#8230;<\/p>\n\n\n\n<p><strong>Patrick:<\/strong> To bardzo dobrze\u2026<\/p>\n\n\n\n<p><strong>Patrick:<\/strong> Dzi\u0119kuj\u0119.<\/p>\n\n\n\n<p>Piotr: Kawa, kawa\u2026.<\/p>\n\n\n\n<p><strong>Patrick:<\/strong> Ooo\u2026 to super\u2026<\/p>\n\n\n\n<p>Pawe\u0142: Lub\u2026 lub\u2026 na co\u015b innego\u2026<\/p>\n\n\n\n<p>Pawe\u0142: Dzi\u0119kuj\u0119 bardzo\u2026<\/p>\n\n\n\n<p>Pawe\u0142: To by\u0142a ogromna przyjemno\u015b\u0107\u2026<\/p>\n\n\n\n<p>Pawe\u0142: Po 31 latach\u2026<\/p>\n\n\n\n<p>Pawe\u0142: Dzi\u0119kuj\u0119\u2026. dzi\u0119kuj\u0119\u2026 za wszystko\u2026<\/p>\n\n\n\n<p><strong>Patrick:<\/strong> Do zobaczenia p\u00f3\u017aniej\u2026<\/p>\n\n\n\n<p>Pawe\u0142: I dla mnie prosz\u0119\u2026<\/p>\n\n\n\n<p>Pawe\u0142: Dla nas\u2026<\/p>\n\n\n\n<p>Pawe\u0142: Dzi\u0119kuj\u0119 bardzo\u2026<\/p>\n\n\n\n<p><strong>Patrick:<\/strong> Dzi\u0119kuj\u0119.<\/p>\n","protected":false},"excerpt":{"rendered":"<p>Drodzy Klubowicze, pasjonacie marki, motorsportu, motoryzacji, szanowni go\u015bcie. Pomys\u0142, kt\u00f3ry zrodzi\u0142 si\u0119 w mojej g\u0142owie ponad dwa lata temu zosta\u0142 w ko\u0144cu zrealizowany. I to z jakim rozmachem! Ogromnie mi mi\u0142o Was wszystkich zaprosi\u0107 na pierwszy odcinek serii klubowych film\u00f3w pt.: &#8222;O nas, dla nas&#8221;. Dzi\u0119ki nim mamy mo\u017cliwo\u015b\u0107 dowiedzie\u0107 si\u0119 wi\u0119cej o nas samych, naszych projektach, bli\u017cej si\u0119 pozna\u0107. Dzi\u0119ki nim mamy r\u00f3wnie\u017c mo\u017cliwo\u015b\u0107 pozna\u0107 bli\u017cej i zaprosi\u0107 do naszego klubu osoby znane, cz\u0119sto b\u0119d\u0105ce w naszych oczach autorytetami, wzorcami, motywacj\u0105 do dzia\u0142ania. Z ogromn\u0105 ekscytacj\u0105 informuj\u0119, \u017ce bohaterem pierwszego odcinka jest sam p. Patrick Snijers, kt\u00f3ry zar\u00f3wno w motor sporcie, jak i \u015bwiecie Forda, jest znany na skal\u0119 \u015bwiatow\u0105. To gwiazda najwy\u017cszego formatu. P. Patrick znalaz\u0142 dla mnie, dla nas, chwil\u0119 czasu na 1. Dolno\u015bl\u0105skim Rajdzie Legend organizowanym w Polanicy Zdroju. Musz\u0119 podkre\u015bli\u0107 fakt, \u017ce bohaterem pierwszego odcinka &#8222;O nas, dla nas&#8221;, pierwszym go\u015bciem naszego programu, jak r\u00f3wnie\u017c pierwsz\u0105 osob\u0105 w moim \u017cyciu, z kt\u00f3r\u0105 przeprowadzi\u0142em wywiad, by\u0142 p. Marek Suder, jednak z uwagi na brak mojego jakiegokolwiek do\u015bwiadczenia w tej dziedzinie, pojawi\u0142 si\u0119 problem z d\u017awi\u0119kiem, kt\u00f3ry po wielu roboczogodzinach finalnie uda\u0142o mi si\u0119 uratowa\u0107 i przywr\u00f3ci\u0107 do stanu zadowalaj\u0105cego. Podzi\u0119kowa\u0142em p. Patrickowi tak\u017ce za zapocz\u0105tkowanie we mnie pasji trwaj\u0105cej do dzi\u015b. To w\u0142a\u015bnie m.in w jego aucie si\u0119 zakocha\u0142em maj\u0105c 4 latka, kt\u00f3re to mia\u0142em okazj\u0119 zobaczy\u0107 na 50. Rajdzie Polski rozgrywanym w moich okolicach w 1993 r., kt\u00f3re do dnia dzisiejszego jest znane i rozpoznawalne dzi\u0119ki charakterystycznej okleinie &#8222;BASTOS&#8221;: Pozdrawiam serdecznie i pana oraz pana \u017con\u0119. Pami\u0119ta\u0142a o mnie, a po wywiadach dla szerokiej publiczno\u015bci, telewizji publicznych, przyprowadzi\u0142a mi pana do siebie na rozmow\u0119, na wywiad. Poni\u017cej nieobrabiany materia\u0142, kt\u00f3ry jest w 100% oryginalny. UWAGA! Dost\u0119pne jest t\u0142umaczenie w j\u0119zyku polskim &#8211; kliknij &#8222;Napisy (c)&#8221;, obok ikonki &#8222;Ustawienia&#8221; &#8211; ko\u0142o z\u0119bate. Do zobaczenia na przysz\u0142ych edycjach Dolno\u015bl\u0105skiego Rajdu Legend! Zapraszam ponownie w tym miejscu pana z ca\u0142\u0105 swoj\u0105 rodzin\u0105, znajomymi, do uczestnictwa w naszym corocznym zlocie organizowanym w sierpniowy weekend. Patrick: Wszystko ok? \u017bona Patricka: Przyprowadzi\u0142am go tutaj. Patrick: Przepraszam. Pawe\u0142: R\u00f3wnie\u017c przepraszam. R\u00f3wnie\u017c przepraszam. Patrick: Nie ma problemu. Pawe\u0142: Tylko nerwy. Patrick: Nie. Nie. Bez stresu Pawe\u0142: Panie Patrick\u2026 Patrick: Vodka\u2026 vodka\u2026 vodka\u2026 Pawe\u0142: Zrozumia\u0142em. Pawe\u0142: Przede wszystkim chcia\u0142bym podzi\u0119kowa\u0107 za mo\u017cliwo\u015b\u0107 rozmowy. Patrick: Tak, yeah\u2026yeah\u2026 Pawe\u0142: Czeka\u0142em na t\u0119 rozmow\u0119 ponad 31 lat. Patrick: Dobrze. Dobrze. Dobrze. Pawe\u0142: Kiedy zobaczy\u0142em Escorta Coswortha pana Drogmansa w 1993 roku i kiedy zobaczy\u0142em twojego Escorta, zakocha\u0142em si\u0119 w rajdach. Patrick: Tak\u2026 tak\u2026 Pawe\u0142: I w Fordzie, a mi\u0142o\u015b\u0107 trwa do dzi\u015b. Patrick: Oh\u2026 Pawe\u0142: Widzia\u0142em te samochody jako 4-letni ch\u0142opiec. Patrick: Hmm.. Pawe\u0142: Chcia\u0142bym pokaza\u0107 film z mojego prywatnego archiwum i pytanie brzmi: Czy pami\u0119tasz ten start? Patrick: Zobaczymy\u2026 Patrick: To 91 rok? Nie. Pawe\u0142: Nie, 93. Patrick: 93, Escort\u2026 Sierra\u2026 Pawe\u0142: Rok po tym, jak pan Marian Bublewicz\u2026 Patrick: A tak, tak\u2026 Pawe\u0142: Jak wspominasz rywalizacj\u0119 na polskich drogach? Patrick: \u0141adne, naprawd\u0119 \u0142adne drogi, uwielbiam ten spektakl. Dobre. Pawe\u0142: Czy jest szansa, \u017ce \u200b\u200bb\u0119dziesz bra\u0142 udzia\u0142 w Legends co roku? Patrick: Mam nadziej\u0119, mam nadziej\u0119. Pawe\u0142: My te\u017c mamy tak\u0105 nadziej\u0119. Patrick: Marek Suder, b\u0119dziemy si\u0119 \u015bciga\u0107\u2026 tak. Pawe\u0142: Czy pami\u0119tasz, co wydarzy\u0142o si\u0119 po rajdzie z tym konkretnym samochodem w barwach BASTOS? Patrick: To by\u0142o tak dawno temu, nie wiem. Mo\u017ce Ty wiesz, prawda? Pawe\u0142: Nie. Nie wiem. Patrick: Wypili\u015bmy mn\u00f3stwo drink\u00f3w\u2026 Pawe\u0142: I druga cz\u0119\u015b\u0107\u2026 11\u2026 Pawe\u0142: To jest auto Droogmans&#8217;a Patrick: O tak\u2026 to jest BOXY&#8217;s Pawe\u0142: Wiem, \u017ce jeste\u015b zaj\u0119ty. Na koniec chcia\u0142bym bardzo podzi\u0119kowa\u0107 za mo\u017cliwo\u015b\u0107 rozmowy z Tob\u0105. Pawe\u0142: Mam co\u015b dla Ciebie, prezent, od\u2026 Ford Klub Kotlina K\u0142odzka. Pawe\u0142: To wszystko\u2026 wszystko zacz\u0119\u0142o si\u0119, gdy by\u0142em 4-letnim ch\u0142opcem. Patrick: tak\u2026 tak\u2026 Pawe\u0142: Maksiu\u2026 prosz\u0119 podaj\u2026 Patrick: Aaa\u2026 Ok Pawe\u0142: Koszulka\u2026 Nie wiem\u2026 To jest rozmiar XL&#8230; Patrick: To bardzo dobrze\u2026 Patrick: Dzi\u0119kuj\u0119. Piotr: Kawa, kawa\u2026. Patrick: Ooo\u2026 to super\u2026 Pawe\u0142: Lub\u2026 lub\u2026 na co\u015b innego\u2026 Pawe\u0142: Dzi\u0119kuj\u0119 bardzo\u2026 Pawe\u0142: To by\u0142a ogromna przyjemno\u015b\u0107\u2026 Pawe\u0142: Po 31 latach\u2026 Pawe\u0142: Dzi\u0119kuj\u0119\u2026. dzi\u0119kuj\u0119\u2026 za wszystko\u2026 Patrick: Do zobaczenia p\u00f3\u017aniej\u2026 Pawe\u0142: I dla mnie prosz\u0119\u2026 Pawe\u0142: Dla nas\u2026 Pawe\u0142: Dzi\u0119kuj\u0119 bardzo\u2026 Patrick: Dzi\u0119kuj\u0119.<\/p>\n","protected":false},"author":1,"featured_media":1718,"comment_status":"open","ping_status":"open","sticky":false,"template":"","format":"standard","meta":{"footnotes":""},"categories":[12],"tags":[],"class_list":["post-1710","post","type-post","status-publish","format-standard","has-post-thumbnail","hentry","category-o-nas-dla-nas"],"_links":{"self":[{"href":"https:\/\/fordklubkotlinaklodzka.pl\/index.php\/wp-json\/wp\/v2\/posts\/1710","targetHints":{"allow":["GET"]}}],"collection":[{"href":"https:\/\/fordklubkotlinaklodzka.pl\/index.php\/wp-json\/wp\/v2\/posts"}],"about":[{"href":"https:\/\/fordklubkotlinaklodzka.pl\/index.php\/wp-json\/wp\/v2\/types\/post"}],"author":[{"embeddable":true,"href":"https:\/\/fordklubkotlinaklodzka.pl\/index.php\/wp-json\/wp\/v2\/users\/1"}],"replies":[{"embeddable":true,"href":"https:\/\/fordklubkotlinaklodzka.pl\/index.php\/wp-json\/wp\/v2\/comments?post=1710"}],"version-history":[{"count":34,"href":"https:\/\/fordklubkotlinaklodzka.pl\/index.php\/wp-json\/wp\/v2\/posts\/1710\/revisions"}],"predecessor-version":[{"id":2848,"href":"https:\/\/fordklubkotlinaklodzka.pl\/index.php\/wp-json\/wp\/v2\/posts\/1710\/revisions\/2848"}],"wp:featuredmedia":[{"embeddable":true,"href":"https:\/\/fordklubkotlinaklodzka.pl\/index.php\/wp-json\/wp\/v2\/media\/1718"}],"wp:attachment":[{"href":"https:\/\/fordklubkotlinaklodzka.pl\/index.php\/wp-json\/wp\/v2\/media?parent=1710"}],"wp:term":[{"taxonomy":"category","embeddable":true,"href":"https:\/\/fordklubkotlinaklodzka.pl\/index.php\/wp-json\/wp\/v2\/categories?post=1710"},{"taxonomy":"post_tag","embeddable":true,"href":"https:\/\/fordklubkotlinaklodzka.pl\/index.php\/wp-json\/wp\/v2\/tags?post=1710"}],"curies":[{"name":"wp","href":"https:\/\/api.w.org\/{rel}","templated":true}]}}