{"id":3990,"date":"2025-09-01T00:12:18","date_gmt":"2025-08-31T22:12:18","guid":{"rendered":"https:\/\/fordklubkotlinaklodzka.pl\/?p=3990"},"modified":"2026-01-10T10:42:01","modified_gmt":"2026-01-10T08:42:01","slug":"2-polski-rajd-legend-2025","status":"publish","type":"post","link":"https:\/\/fordklubkotlinaklodzka.pl\/index.php\/2025\/09\/01\/2-polski-rajd-legend-2025\/","title":{"rendered":"2. Polski Rajd Legend 2025"},"content":{"rendered":"\n<p>Czo\u0142em mi\u0142o\u015bnicy niebieskiego owala! <\/p>\n\n\n\n<p>Edycje Polskiego Rajdu Legend nie s\u0105 wydarzeniami typowo fordowskimi, jednak na tyle istotnymi, \u017ce by\u0142oby grzechem, gdyby\u015bmy nie wzi\u0119li w nim udzia\u0142u i nie dodali o nim informacji. Zw\u0142aszcza dlatego, \u017ce zar\u00f3wno na prezentacjach za\u0142\u00f3g i aut, jak i na odcinkach specjalnych mamy okazj\u0119 do zobaczenia nietuzinkowych, rajdowych wciele\u0144 marze\u0144 wielu z nas, w tym r\u00f3wnie\u017c modeli i naszej ulubionej marki! Nas r\u00f3wnie\u017c nie mog\u0142o na nim zabrakn\u0105\u0107!<\/p>\n\n\n\n<br>\n\n\n\n<figure class=\"wp-block-gallery has-nested-images columns-default is-cropped wp-block-gallery-1 is-layout-flex wp-block-gallery-is-layout-flex\">\n<figure class=\"wp-block-image size-full\"><img loading=\"lazy\" decoding=\"async\" width=\"1340\" height=\"1005\" data-id=\"4171\" src=\"https:\/\/fordklubkotlinaklodzka.pl\/wp-content\/uploads\/\/2025\/08\/IMG_6971.jpg\" alt=\"\" class=\"wp-image-4171\" srcset=\"https:\/\/fordklubkotlinaklodzka.pl\/wp-content\/uploads\/2025\/08\/IMG_6971.jpg 1340w, https:\/\/fordklubkotlinaklodzka.pl\/wp-content\/uploads\/2025\/08\/IMG_6971-300x225.jpg 300w, https:\/\/fordklubkotlinaklodzka.pl\/wp-content\/uploads\/2025\/08\/IMG_6971-600x450.jpg 600w, https:\/\/fordklubkotlinaklodzka.pl\/wp-content\/uploads\/2025\/08\/IMG_6971-768x576.jpg 768w, https:\/\/fordklubkotlinaklodzka.pl\/wp-content\/uploads\/2025\/08\/IMG_6971-1140x855.jpg 1140w\" sizes=\"auto, (max-width: 1340px) 100vw, 1340px\" \/><\/figure>\n<\/figure>\n\n\n\n<br>\n\n\n\n<p>Auto Moto Klub K\u0142odzko w dniach 29-30.08 zaplanowa\u0142 organizacj\u0119 2. Edycji Polskiego Rajdu Legend. Kierowcy ponownie \u015bcigali si\u0119 ulicami K\u0142odzka, Polanicy Zdroju, Spalonej, Chocieszowa, M\u0142ot\u00f3w, g\u0142\u00f3wnie przepi\u0119knymi klasykami, na kt\u00f3rych wychowa\u0142em si\u0119 i ja. Ca\u0142e wydarzenie, pocz\u0105wszy od konferencji prasowej, kt\u00f3ra odby\u0142a si\u0119 w przeddzie\u0144 zmaga\u0144 na OS-ach, wzbudzi\u0142a w kibicach, ale i w za\u0142ogach przeogromne, pozytywne emocje. Rajd wygra\u0142 duet Sawicki \/ Pryczek w Subaru Impreza GC8. Drugie miejsce przypad\u0142o za\u0142odze S\u0119kowski \/ Pochro\u0144 w BMW M3.<\/p>\n\n\n\n<p>Wielk\u0105 niespodziank\u0105 w tym roku by\u0142o uczestnictwo w rajdzie dwukrotnego mistrza \u015bwiata &#8211; Marcusa Gr\u00f6nholma, kt\u00f3ry pokazowo wystartowa\u0142 na nocnym OS K\u0142odzko oryginalnym Peugeotem 206 WRC, kt\u00f3rym to w\u0142a\u015bnie modelem wywalczy\u0142 sw\u00f3j pierwszy tytu\u0142 mistrzowski. Na pocz\u0105tku stawki, jako auta pokazowe, tzw. &#8222;zer\u00f3wki&#8221;, nasze oczy zachwyca\u0142y modele Lanci Delta HF Integrale.<\/p>\n\n\n\n<p>Nie lada gradk\u0105 dla wszystkich kibic\u00f3w by\u0142 wyst\u0119p Leszka Kuzaja. Wystartowa\u0142 Subaru Impreza N12 i zaj\u0105\u0142 3 miejsce. Leszek nie kry\u0142 ogromnego podniecenia i emocji zwi\u0105zanych i z powrotem na dolno\u015bl\u0105skie trasy, ale przede wszystkim z uwagi na zaanga\u017cowanie i zainteresowanie jego osob\u0105 niesamowitych kibic\u00f3w.<\/p>\n\n\n\n<p>Pomimo pocz\u0105tkowych problem\u00f3w organizacyjnych ze sponsorem, na rajdzie finalnie pojawi\u0142a si\u0119 kolejna, polska legenda N grupy &#8211; Tomasz Czopik z \u0141ukaszem Wro\u0144skim, kt\u00f3rzy wystartowali przepi\u0119knym Mitsubishi Lancer EVO V. Za\u0142oga niestety nie dojecha\u0142a do mety rajdu.<\/p>\n\n\n\n<p>W zesz\u0142ym roku, podczas 1. Edycji Polskiego Rajdu Legend, po ponad 30 latach, mia\u0142em mo\u017cliwo\u015b\u0107 porozmawia\u0107 z <a href=\"https:\/\/fordklubkotlinaklodzka.pl\/index.php\/2024\/09\/02\/o-nas-dla-nas-patrick-snijers-wyjatkowy-wywiad\/\" data-type=\"link\" data-id=\"https:\/\/fordklubkotlinaklodzka.pl\/index.php\/2024\/09\/02\/o-nas-dla-nas-patrick-snijers-wyjatkowy-wywiad\/\" target=\"_blank\" rel=\"noreferrer noopener\">Patrickiem Snijersem<\/a> (na zdj\u0119ciu po prawej), kt\u00f3rego nie trzeba przedstawia\u0107, to r\u00f3wnie\u017c gwiazda \u015bwiata rajdowego najwy\u017cszego szczebla. To w\u0142a\u015bnie w jego i w Droogmansa Fordzie Escortcie RS Cosworth w <a href=\"https:\/\/fordklubkotlinaklodzka.pl\/index.php\/2023\/06\/20\/50-rajd-polski-prywatna-relacja-dzien-i\/\" data-type=\"link\" data-id=\"https:\/\/fordklubkotlinaklodzka.pl\/index.php\/2023\/06\/20\/50-rajd-polski-prywatna-relacja-dzien-i\/\" target=\"_blank\" rel=\"noreferrer noopener\">1993 roku na Rajdzie Polski<\/a> zakocha\u0142em si\u0119 maj\u0105c 4 latka, kt\u00f3re do dnia dzisiejszego jest znane i rozpoznawalne dzi\u0119ki charakterystycznej okleinie \u201eBASTOS\u201d. Podczas zesz\u0142orocznego wywiadu Patrick podkre\u015bli\u0142, \u017ce chce do nas wraca\u0107 regularnie. W tym roku wystartowa\u0142 jeszcze mocniejsz\u0105 Sierr\u0105 RS Cosworth 4&#215;4.<\/p>\n\n\n\n<figure class=\"wp-block-gallery has-nested-images columns-default is-cropped wp-block-gallery-2 is-layout-flex wp-block-gallery-is-layout-flex\">\n<figure class=\"wp-block-image size-full\"><img loading=\"lazy\" decoding=\"async\" width=\"1168\" height=\"757\" data-id=\"4166\" src=\"https:\/\/fordklubkotlinaklodzka.pl\/wp-content\/uploads\/\/2025\/08\/IMG_6868.jpg\" alt=\"\" class=\"wp-image-4166\" srcset=\"https:\/\/fordklubkotlinaklodzka.pl\/wp-content\/uploads\/2025\/08\/IMG_6868.jpg 1168w, https:\/\/fordklubkotlinaklodzka.pl\/wp-content\/uploads\/2025\/08\/IMG_6868-300x194.jpg 300w, https:\/\/fordklubkotlinaklodzka.pl\/wp-content\/uploads\/2025\/08\/IMG_6868-600x389.jpg 600w, https:\/\/fordklubkotlinaklodzka.pl\/wp-content\/uploads\/2025\/08\/IMG_6868-768x498.jpg 768w, https:\/\/fordklubkotlinaklodzka.pl\/wp-content\/uploads\/2025\/08\/IMG_6868-1140x739.jpg 1140w\" sizes=\"auto, (max-width: 1168px) 100vw, 1168px\" \/><\/figure>\n<\/figure>\n\n\n\n<br>\n\n\n\n<figure class=\"wp-block-gallery has-nested-images columns-default is-cropped wp-block-gallery-3 is-layout-flex wp-block-gallery-is-layout-flex\">\n<figure class=\"wp-block-image size-full\"><img loading=\"lazy\" decoding=\"async\" width=\"1340\" height=\"1005\" data-id=\"4182\" src=\"https:\/\/fordklubkotlinaklodzka.pl\/wp-content\/uploads\/\/2025\/08\/IMG_6866.jpg\" alt=\"\" class=\"wp-image-4182\" srcset=\"https:\/\/fordklubkotlinaklodzka.pl\/wp-content\/uploads\/2025\/08\/IMG_6866.jpg 1340w, https:\/\/fordklubkotlinaklodzka.pl\/wp-content\/uploads\/2025\/08\/IMG_6866-300x225.jpg 300w, https:\/\/fordklubkotlinaklodzka.pl\/wp-content\/uploads\/2025\/08\/IMG_6866-600x450.jpg 600w, https:\/\/fordklubkotlinaklodzka.pl\/wp-content\/uploads\/2025\/08\/IMG_6866-768x576.jpg 768w, https:\/\/fordklubkotlinaklodzka.pl\/wp-content\/uploads\/2025\/08\/IMG_6866-1140x855.jpg 1140w\" sizes=\"auto, (max-width: 1340px) 100vw, 1340px\" \/><\/figure>\n<\/figure>\n\n\n\n<br><br>\n\n\n\n<p>Na zdj\u0119ciu wy\u017cej, osoba <a href=\"https:\/\/fordklubkotlinaklodzka.pl\/index.php\/2024\/09\/19\/o-nas-dla-nas-marek-suder-wyjatkowy-wywiad\/\" data-type=\"link\" data-id=\"https:\/\/fordklubkotlinaklodzka.pl\/index.php\/2024\/09\/19\/o-nas-dla-nas-marek-suder-wyjatkowy-wywiad\/\" target=\"_blank\" rel=\"noreferrer noopener\">Marka Sudera<\/a>, stoj\u0105ca obok Patricka Snijersa, oparta o Sierr\u0119 z numerem startowym 2, &#8222;ojca chrzestnego&#8221; Polskiego Rajdu Legend, zas\u0142uguje na ogromne brawa! Niewiele si\u0119 o tym m\u00f3wi, ale Marek Suder w spos\u00f3b zdecydowany przyczynia si\u0119 do rozwoju rajdu swoj\u0105 osob\u0105. Korzysta ze swoich szerokich kontakt\u00f3w, zaprasza gwiazdy rajdowe do Polski, jak r\u00f3wnie\u017c uzbraja go\u015bci i w rajd\u00f3wki ze swojej stajni Gazmot Motorsport. Kilka aut bior\u0105cych udzia\u0142 w rajdzie zosta\u0142o przygotowane w\u0142a\u015bnie przez jego team. W tym roku ponownie wystartowa\u0142 jednym z aut moich marze\u0144.<\/p>\n\n\n\n<figure class=\"wp-block-gallery has-nested-images columns-default is-cropped wp-block-gallery-4 is-layout-flex wp-block-gallery-is-layout-flex\">\n<figure class=\"wp-block-image size-full\"><img loading=\"lazy\" decoding=\"async\" width=\"1340\" height=\"1005\" data-id=\"4213\" src=\"https:\/\/fordklubkotlinaklodzka.pl\/wp-content\/uploads\/\/2025\/08\/IMG_6864.jpg\" alt=\"\" class=\"wp-image-4213\" srcset=\"https:\/\/fordklubkotlinaklodzka.pl\/wp-content\/uploads\/2025\/08\/IMG_6864.jpg 1340w, https:\/\/fordklubkotlinaklodzka.pl\/wp-content\/uploads\/2025\/08\/IMG_6864-300x225.jpg 300w, https:\/\/fordklubkotlinaklodzka.pl\/wp-content\/uploads\/2025\/08\/IMG_6864-600x450.jpg 600w, https:\/\/fordklubkotlinaklodzka.pl\/wp-content\/uploads\/2025\/08\/IMG_6864-768x576.jpg 768w, https:\/\/fordklubkotlinaklodzka.pl\/wp-content\/uploads\/2025\/08\/IMG_6864-1140x855.jpg 1140w\" sizes=\"auto, (max-width: 1340px) 100vw, 1340px\" \/><\/figure>\n<\/figure>\n\n\n\n<br>\n\n\n\n<figure class=\"wp-block-gallery has-nested-images columns-default is-cropped wp-block-gallery-5 is-layout-flex wp-block-gallery-is-layout-flex\">\n<figure class=\"wp-block-image size-full\"><img loading=\"lazy\" decoding=\"async\" width=\"1340\" height=\"1005\" data-id=\"4214\" src=\"https:\/\/fordklubkotlinaklodzka.pl\/wp-content\/uploads\/\/2025\/08\/IMG_6865.jpg\" alt=\"\" class=\"wp-image-4214\" srcset=\"https:\/\/fordklubkotlinaklodzka.pl\/wp-content\/uploads\/2025\/08\/IMG_6865.jpg 1340w, https:\/\/fordklubkotlinaklodzka.pl\/wp-content\/uploads\/2025\/08\/IMG_6865-300x225.jpg 300w, https:\/\/fordklubkotlinaklodzka.pl\/wp-content\/uploads\/2025\/08\/IMG_6865-600x450.jpg 600w, https:\/\/fordklubkotlinaklodzka.pl\/wp-content\/uploads\/2025\/08\/IMG_6865-768x576.jpg 768w, https:\/\/fordklubkotlinaklodzka.pl\/wp-content\/uploads\/2025\/08\/IMG_6865-1140x855.jpg 1140w\" sizes=\"auto, (max-width: 1340px) 100vw, 1340px\" \/><\/figure>\n<\/figure>\n\n\n\n<br><br>\n\n\n\n<p>Warto r\u00f3wnie\u017c podkre\u015bli\u0107 udzia\u0142 kolejnego, polskiego weterana rajdowego &#8211; Wies\u0142aw Stec, dwukrotnego wicemistrza Polski grupy N, kt\u00f3ry tym razem zasiad\u0142 za sterami bardzo mocnego Forda Fiesty MK8 PROTO ze swojej stajni. Pomimo swojego s\u0119dziwego wieku 70 lat, uda\u0142o mu si\u0119 wygra\u0107 jeden odcinek specjalny. <\/p>\n\n\n\n<figure class=\"wp-block-gallery has-nested-images columns-default is-cropped wp-block-gallery-6 is-layout-flex wp-block-gallery-is-layout-flex\">\n<figure class=\"wp-block-image size-full\"><img loading=\"lazy\" decoding=\"async\" width=\"1340\" height=\"1005\" data-id=\"4202\" src=\"https:\/\/fordklubkotlinaklodzka.pl\/wp-content\/uploads\/\/2025\/08\/IMG_6878.jpg\" alt=\"\" class=\"wp-image-4202\" srcset=\"https:\/\/fordklubkotlinaklodzka.pl\/wp-content\/uploads\/2025\/08\/IMG_6878.jpg 1340w, https:\/\/fordklubkotlinaklodzka.pl\/wp-content\/uploads\/2025\/08\/IMG_6878-300x225.jpg 300w, https:\/\/fordklubkotlinaklodzka.pl\/wp-content\/uploads\/2025\/08\/IMG_6878-600x450.jpg 600w, https:\/\/fordklubkotlinaklodzka.pl\/wp-content\/uploads\/2025\/08\/IMG_6878-768x576.jpg 768w, https:\/\/fordklubkotlinaklodzka.pl\/wp-content\/uploads\/2025\/08\/IMG_6878-1140x855.jpg 1140w\" sizes=\"auto, (max-width: 1340px) 100vw, 1340px\" \/><\/figure>\n<\/figure>\n\n\n\n<br>\n\n\n\n<figure class=\"wp-block-gallery has-nested-images columns-default is-cropped wp-block-gallery-7 is-layout-flex wp-block-gallery-is-layout-flex\">\n<figure class=\"wp-block-image size-full\"><img loading=\"lazy\" decoding=\"async\" width=\"1340\" height=\"1005\" data-id=\"4203\" src=\"https:\/\/fordklubkotlinaklodzka.pl\/wp-content\/uploads\/\/2025\/08\/IMG_6879.jpg\" alt=\"\" class=\"wp-image-4203\" srcset=\"https:\/\/fordklubkotlinaklodzka.pl\/wp-content\/uploads\/2025\/08\/IMG_6879.jpg 1340w, https:\/\/fordklubkotlinaklodzka.pl\/wp-content\/uploads\/2025\/08\/IMG_6879-300x225.jpg 300w, https:\/\/fordklubkotlinaklodzka.pl\/wp-content\/uploads\/2025\/08\/IMG_6879-600x450.jpg 600w, https:\/\/fordklubkotlinaklodzka.pl\/wp-content\/uploads\/2025\/08\/IMG_6879-768x576.jpg 768w, https:\/\/fordklubkotlinaklodzka.pl\/wp-content\/uploads\/2025\/08\/IMG_6879-1140x855.jpg 1140w\" sizes=\"auto, (max-width: 1340px) 100vw, 1340px\" \/><\/figure>\n<\/figure>\n\n\n\n<br><br>\n\n\n\n<p>Poni\u017cej przepi\u0119kna replika Sierry <a href=\"https:\/\/fordklubkotlinaklodzka.pl\/index.php\/2025\/08\/25\/marian-bublewicz-biografia\/\" data-type=\"link\" data-id=\"https:\/\/fordklubkotlinaklodzka.pl\/index.php\/2025\/08\/25\/marian-bublewicz-biografia\/\" target=\"_blank\" rel=\"noreferrer noopener\">Mariana Bublewicza<\/a>, kt\u00f3ra r\u00f3wnie\u017c go\u015bci\u0142a u nas w zesz\u0142ym roku.<\/p>\n\n\n\n<figure class=\"wp-block-gallery has-nested-images columns-default is-cropped wp-block-gallery-8 is-layout-flex wp-block-gallery-is-layout-flex\">\n<figure class=\"wp-block-image size-full\"><img loading=\"lazy\" decoding=\"async\" width=\"1340\" height=\"1005\" data-id=\"4215\" src=\"https:\/\/fordklubkotlinaklodzka.pl\/wp-content\/uploads\/\/2025\/08\/IMG_6872.jpg\" alt=\"\" class=\"wp-image-4215\" srcset=\"https:\/\/fordklubkotlinaklodzka.pl\/wp-content\/uploads\/2025\/08\/IMG_6872.jpg 1340w, https:\/\/fordklubkotlinaklodzka.pl\/wp-content\/uploads\/2025\/08\/IMG_6872-300x225.jpg 300w, https:\/\/fordklubkotlinaklodzka.pl\/wp-content\/uploads\/2025\/08\/IMG_6872-600x450.jpg 600w, https:\/\/fordklubkotlinaklodzka.pl\/wp-content\/uploads\/2025\/08\/IMG_6872-768x576.jpg 768w, https:\/\/fordklubkotlinaklodzka.pl\/wp-content\/uploads\/2025\/08\/IMG_6872-1140x855.jpg 1140w\" sizes=\"auto, (max-width: 1340px) 100vw, 1340px\" \/><\/figure>\n<\/figure>\n\n\n\n<br>\n\n\n\n<figure class=\"wp-block-gallery has-nested-images columns-default is-cropped wp-block-gallery-9 is-layout-flex wp-block-gallery-is-layout-flex\">\n<figure class=\"wp-block-image size-full\"><img loading=\"lazy\" decoding=\"async\" width=\"1340\" height=\"1005\" data-id=\"4216\" src=\"https:\/\/fordklubkotlinaklodzka.pl\/wp-content\/uploads\/\/2025\/08\/IMG_6873.jpg\" alt=\"\" class=\"wp-image-4216\" srcset=\"https:\/\/fordklubkotlinaklodzka.pl\/wp-content\/uploads\/2025\/08\/IMG_6873.jpg 1340w, https:\/\/fordklubkotlinaklodzka.pl\/wp-content\/uploads\/2025\/08\/IMG_6873-300x225.jpg 300w, https:\/\/fordklubkotlinaklodzka.pl\/wp-content\/uploads\/2025\/08\/IMG_6873-600x450.jpg 600w, https:\/\/fordklubkotlinaklodzka.pl\/wp-content\/uploads\/2025\/08\/IMG_6873-768x576.jpg 768w, https:\/\/fordklubkotlinaklodzka.pl\/wp-content\/uploads\/2025\/08\/IMG_6873-1140x855.jpg 1140w\" sizes=\"auto, (max-width: 1340px) 100vw, 1340px\" \/><\/figure>\n<\/figure>\n\n\n\n<br>\n\n\n\n<figure class=\"wp-block-gallery has-nested-images columns-default is-cropped wp-block-gallery-10 is-layout-flex wp-block-gallery-is-layout-flex\">\n<figure class=\"wp-block-image size-full\"><img loading=\"lazy\" decoding=\"async\" width=\"1340\" height=\"1005\" data-id=\"4217\" src=\"https:\/\/fordklubkotlinaklodzka.pl\/wp-content\/uploads\/\/2025\/08\/IMG_6874.jpg\" alt=\"\" class=\"wp-image-4217\" srcset=\"https:\/\/fordklubkotlinaklodzka.pl\/wp-content\/uploads\/2025\/08\/IMG_6874.jpg 1340w, https:\/\/fordklubkotlinaklodzka.pl\/wp-content\/uploads\/2025\/08\/IMG_6874-300x225.jpg 300w, https:\/\/fordklubkotlinaklodzka.pl\/wp-content\/uploads\/2025\/08\/IMG_6874-600x450.jpg 600w, https:\/\/fordklubkotlinaklodzka.pl\/wp-content\/uploads\/2025\/08\/IMG_6874-768x576.jpg 768w, https:\/\/fordklubkotlinaklodzka.pl\/wp-content\/uploads\/2025\/08\/IMG_6874-1140x855.jpg 1140w\" sizes=\"auto, (max-width: 1340px) 100vw, 1340px\" \/><\/figure>\n<\/figure>\n\n\n\n<br><br>\n\n\n\n<p>W rajdzie bra\u0142o udzia\u0142 mn\u00f3stwo wartych uwagi cukiereczk\u00f3w, dlatego poni\u017cej video prezentacja wszystkich aut bior\u0105cych udzia\u0142 w 2. Edycji Polskiego Rajdu Legend, <a href=\"https:\/\/www.facebook.com\/share\/p\/14HiqXt8vA9\/?\" data-type=\"link\" data-id=\"https:\/\/www.facebook.com\/share\/p\/14HiqXt8vA9\/?\">fotorelacja<\/a> oraz przejazd wszystkich za\u0142\u00f3g na odcinku M\u0142oty:<\/p>\n\n\n\n<figure class=\"wp-block-embed is-type-video is-provider-youtube wp-block-embed-youtube wp-embed-aspect-16-9 wp-has-aspect-ratio\"><div class=\"wp-block-embed__wrapper\">\n<iframe loading=\"lazy\" title=\"@fordklubkotlinaklodzka - 2. Polski Rajd Legend 2025 - prezentacja za\u0142\u00f3g rynek K\u0142odzko \" width=\"960\" height=\"540\" src=\"https:\/\/www.youtube.com\/embed\/ZaKqaxGed-4?feature=oembed\" frameborder=\"0\" allow=\"accelerometer; autoplay; clipboard-write; encrypted-media; gyroscope; picture-in-picture; web-share\" referrerpolicy=\"strict-origin-when-cross-origin\" allowfullscreen><\/iframe>\n<\/div><\/figure>\n\n\n\n<br>\n\n\n\n<figure class=\"wp-block-embed is-type-video is-provider-youtube wp-block-embed-youtube wp-embed-aspect-16-9 wp-has-aspect-ratio\"><div class=\"wp-block-embed__wrapper\">\n<iframe loading=\"lazy\" title=\"@fordklubkotlinaklodzka - 2. Polski Rajd Legend 2025 - M\u0142oty \" width=\"960\" height=\"540\" src=\"https:\/\/www.youtube.com\/embed\/Bu1rPYsIVys?feature=oembed\" frameborder=\"0\" allow=\"accelerometer; autoplay; clipboard-write; encrypted-media; gyroscope; picture-in-picture; web-share\" referrerpolicy=\"strict-origin-when-cross-origin\" allowfullscreen><\/iframe>\n<\/div><\/figure>\n\n\n\n<br><br>\n\n\n\n<p>Na koniec polecam playlist\u0119 z parku serwisowego w przeddzie\u0144 rajdu i z odcink\u00f3w z <a href=\"https:\/\/fordklubkotlinaklodzka.pl\/index.php\/2024\/07\/25\/1-dolnoslaski-rajd-legend-2024\/\" data-type=\"link\" data-id=\"https:\/\/fordklubkotlinaklodzka.pl\/index.php\/2024\/07\/25\/1-dolnoslaski-rajd-legend-2024\/\" target=\"_blank\" rel=\"noreferrer noopener\">1. Edycji Rajdu Legend<\/a>:<\/p>\n\n\n\n<figure class=\"wp-block-embed aligncenter is-type-video is-provider-youtube wp-block-embed-youtube wp-embed-aspect-16-9 wp-has-aspect-ratio\"><div class=\"wp-block-embed__wrapper\">\n<iframe loading=\"lazy\" title=\"@fordklubkotlinaklodzka - 1. Rajd Legend 2024 - Polanica Zdr\u00f3j\" width=\"960\" height=\"540\" src=\"https:\/\/www.youtube.com\/embed\/videoseries?list=PLybgLHKCvcPMvkcQ3K2rZjaqCLeUsO485\" frameborder=\"0\" allow=\"accelerometer; autoplay; clipboard-write; encrypted-media; gyroscope; picture-in-picture; web-share\" referrerpolicy=\"strict-origin-when-cross-origin\" allowfullscreen><\/iframe>\n<\/div><\/figure>\n","protected":false},"excerpt":{"rendered":"<p>Czo\u0142em mi\u0142o\u015bnicy niebieskiego owala! Edycje Polskiego Rajdu Legend nie s\u0105 wydarzeniami typowo fordowskimi, jednak na tyle istotnymi, \u017ce by\u0142oby grzechem, gdyby\u015bmy nie wzi\u0119li w nim udzia\u0142u i nie dodali o nim informacji. Zw\u0142aszcza dlatego, \u017ce zar\u00f3wno na prezentacjach za\u0142\u00f3g i aut, jak i na odcinkach specjalnych mamy okazj\u0119 do zobaczenia nietuzinkowych, rajdowych wciele\u0144 marze\u0144 wielu z nas, w tym r\u00f3wnie\u017c modeli i naszej ulubionej marki! Nas r\u00f3wnie\u017c nie mog\u0142o na nim zabrakn\u0105\u0107! Auto Moto Klub K\u0142odzko w dniach 29-30.08 zaplanowa\u0142 organizacj\u0119 2. Edycji Polskiego Rajdu Legend. Kierowcy ponownie \u015bcigali si\u0119 ulicami K\u0142odzka, Polanicy Zdroju, Spalonej, Chocieszowa, M\u0142ot\u00f3w, g\u0142\u00f3wnie przepi\u0119knymi klasykami, na kt\u00f3rych wychowa\u0142em si\u0119 i ja. Ca\u0142e wydarzenie, pocz\u0105wszy od konferencji prasowej, kt\u00f3ra odby\u0142a si\u0119 w przeddzie\u0144 zmaga\u0144 na OS-ach, wzbudzi\u0142a w kibicach, ale i w za\u0142ogach przeogromne, pozytywne emocje. Rajd wygra\u0142 duet Sawicki \/ Pryczek w Subaru Impreza GC8. Drugie miejsce przypad\u0142o za\u0142odze S\u0119kowski \/ Pochro\u0144 w BMW M3. Wielk\u0105 niespodziank\u0105 w tym roku by\u0142o uczestnictwo w rajdzie dwukrotnego mistrza \u015bwiata &#8211; Marcusa Gr\u00f6nholma, kt\u00f3ry pokazowo wystartowa\u0142 na nocnym OS K\u0142odzko oryginalnym Peugeotem 206 WRC, kt\u00f3rym to w\u0142a\u015bnie modelem wywalczy\u0142 sw\u00f3j pierwszy tytu\u0142 mistrzowski. Na pocz\u0105tku stawki, jako auta pokazowe, tzw. &#8222;zer\u00f3wki&#8221;, nasze oczy zachwyca\u0142y modele Lanci Delta HF Integrale. Nie lada gradk\u0105 dla wszystkich kibic\u00f3w by\u0142 wyst\u0119p Leszka Kuzaja. Wystartowa\u0142 Subaru Impreza N12 i zaj\u0105\u0142 3 miejsce. Leszek nie kry\u0142 ogromnego podniecenia i emocji zwi\u0105zanych i z powrotem na dolno\u015bl\u0105skie trasy, ale przede wszystkim z uwagi na zaanga\u017cowanie i zainteresowanie jego osob\u0105 niesamowitych kibic\u00f3w. Pomimo pocz\u0105tkowych problem\u00f3w organizacyjnych ze sponsorem, na rajdzie finalnie pojawi\u0142a si\u0119 kolejna, polska legenda N grupy &#8211; Tomasz Czopik z \u0141ukaszem Wro\u0144skim, kt\u00f3rzy wystartowali przepi\u0119knym Mitsubishi Lancer EVO V. Za\u0142oga niestety nie dojecha\u0142a do mety rajdu. W zesz\u0142ym roku, podczas 1. Edycji Polskiego Rajdu Legend, po ponad 30 latach, mia\u0142em mo\u017cliwo\u015b\u0107 porozmawia\u0107 z Patrickiem Snijersem (na zdj\u0119ciu po prawej), kt\u00f3rego nie trzeba przedstawia\u0107, to r\u00f3wnie\u017c gwiazda \u015bwiata rajdowego najwy\u017cszego szczebla. To w\u0142a\u015bnie w jego i w Droogmansa Fordzie Escortcie RS Cosworth w 1993 roku na Rajdzie Polski zakocha\u0142em si\u0119 maj\u0105c 4 latka, kt\u00f3re do dnia dzisiejszego jest znane i rozpoznawalne dzi\u0119ki charakterystycznej okleinie \u201eBASTOS\u201d. Podczas zesz\u0142orocznego wywiadu Patrick podkre\u015bli\u0142, \u017ce chce do nas wraca\u0107 regularnie. W tym roku wystartowa\u0142 jeszcze mocniejsz\u0105 Sierr\u0105 RS Cosworth 4&#215;4. Na zdj\u0119ciu wy\u017cej, osoba Marka Sudera, stoj\u0105ca obok Patricka Snijersa, oparta o Sierr\u0119 z numerem startowym 2, &#8222;ojca chrzestnego&#8221; Polskiego Rajdu Legend, zas\u0142uguje na ogromne brawa! Niewiele si\u0119 o tym m\u00f3wi, ale Marek Suder w spos\u00f3b zdecydowany przyczynia si\u0119 do rozwoju rajdu swoj\u0105 osob\u0105. Korzysta ze swoich szerokich kontakt\u00f3w, zaprasza gwiazdy rajdowe do Polski, jak r\u00f3wnie\u017c uzbraja go\u015bci i w rajd\u00f3wki ze swojej stajni Gazmot Motorsport. Kilka aut bior\u0105cych udzia\u0142 w rajdzie zosta\u0142o przygotowane w\u0142a\u015bnie przez jego team. W tym roku ponownie wystartowa\u0142 jednym z aut moich marze\u0144. Warto r\u00f3wnie\u017c podkre\u015bli\u0107 udzia\u0142 kolejnego, polskiego weterana rajdowego &#8211; Wies\u0142aw Stec, dwukrotnego wicemistrza Polski grupy N, kt\u00f3ry tym razem zasiad\u0142 za sterami bardzo mocnego Forda Fiesty MK8 PROTO ze swojej stajni. Pomimo swojego s\u0119dziwego wieku 70 lat, uda\u0142o mu si\u0119 wygra\u0107 jeden odcinek specjalny. Poni\u017cej przepi\u0119kna replika Sierry Mariana Bublewicza, kt\u00f3ra r\u00f3wnie\u017c go\u015bci\u0142a u nas w zesz\u0142ym roku. W rajdzie bra\u0142o udzia\u0142 mn\u00f3stwo wartych uwagi cukiereczk\u00f3w, dlatego poni\u017cej video prezentacja wszystkich aut bior\u0105cych udzia\u0142 w 2. Edycji Polskiego Rajdu Legend, fotorelacja oraz przejazd wszystkich za\u0142\u00f3g na odcinku M\u0142oty: Na koniec polecam playlist\u0119 z parku serwisowego w przeddzie\u0144 rajdu i z odcink\u00f3w z 1. Edycji Rajdu Legend:<\/p>\n","protected":false},"author":1,"featured_media":4020,"comment_status":"open","ping_status":"open","sticky":false,"template":"","format":"standard","meta":{"footnotes":""},"categories":[55],"tags":[],"class_list":["post-3990","post","type-post","status-publish","format-standard","has-post-thumbnail","hentry","category-projekty-wydarzenia"],"_links":{"self":[{"href":"https:\/\/fordklubkotlinaklodzka.pl\/index.php\/wp-json\/wp\/v2\/posts\/3990","targetHints":{"allow":["GET"]}}],"collection":[{"href":"https:\/\/fordklubkotlinaklodzka.pl\/index.php\/wp-json\/wp\/v2\/posts"}],"about":[{"href":"https:\/\/fordklubkotlinaklodzka.pl\/index.php\/wp-json\/wp\/v2\/types\/post"}],"author":[{"embeddable":true,"href":"https:\/\/fordklubkotlinaklodzka.pl\/index.php\/wp-json\/wp\/v2\/users\/1"}],"replies":[{"embeddable":true,"href":"https:\/\/fordklubkotlinaklodzka.pl\/index.php\/wp-json\/wp\/v2\/comments?post=3990"}],"version-history":[{"count":67,"href":"https:\/\/fordklubkotlinaklodzka.pl\/index.php\/wp-json\/wp\/v2\/posts\/3990\/revisions"}],"predecessor-version":[{"id":4226,"href":"https:\/\/fordklubkotlinaklodzka.pl\/index.php\/wp-json\/wp\/v2\/posts\/3990\/revisions\/4226"}],"wp:featuredmedia":[{"embeddable":true,"href":"https:\/\/fordklubkotlinaklodzka.pl\/index.php\/wp-json\/wp\/v2\/media\/4020"}],"wp:attachment":[{"href":"https:\/\/fordklubkotlinaklodzka.pl\/index.php\/wp-json\/wp\/v2\/media?parent=3990"}],"wp:term":[{"taxonomy":"category","embeddable":true,"href":"https:\/\/fordklubkotlinaklodzka.pl\/index.php\/wp-json\/wp\/v2\/categories?post=3990"},{"taxonomy":"post_tag","embeddable":true,"href":"https:\/\/fordklubkotlinaklodzka.pl\/index.php\/wp-json\/wp\/v2\/tags?post=3990"}],"curies":[{"name":"wp","href":"https:\/\/api.w.org\/{rel}","templated":true}]}}